{"data":"<li>\n    <!-- Post Item Start -->\n    <div class=\"post--item post--layout-3\">\n        <div class=\"post--img\">\n            <a href=\"\/post\/preco-da-soja-disponivel-em-mato-grosso-diminui-e-vai-a-r-182\" class=\"thumb\">\n                <img class=\"lazy\" data-src=\"\/cache\/img\/noticias\/milho.colheita-100x70.jpg\" alt=\"\" src=\"data:image\/gif;base64,R0lGODlhAQABAAAAACH5BAEKAAEALAAAAAABAAEAAAICTAEAOw==\"><\/a>\n\n            <div class=\"post--info\">\n                <ul class=\"nav meta\">\n                   <!-- <li><a href=\"#\"><\/a><\/li> -->\n                    <li><a href=\"#\">22\/03\/2022<\/a><\/li>\n                <\/ul>\n\n                <div class=\"title\">\n                    <h3 class=\"h4\"><a href=\"\/post\/preco-da-soja-disponivel-em-mato-grosso-diminui-e-vai-a-r-182\" class=\"btn-link title_box_2_lines\">Pre\u00e7o da soja dispon\u00edvel em Mato Grosso diminui e vai a R$ 182<\/a><\/h3>\n                <\/div>\n            <\/div>\n        <\/div>\n    <\/div>\n    <!-- Post Item End -->\n<\/li>\n<li>\n    <!-- Post Item Start -->\n    <div class=\"post--item post--layout-3\">\n        <div class=\"post--img\">\n            <a href=\"\/post\/pl-de-botelho-denomina-unidade-do-real-parque-de-escola-adileia-britto-de-lima\" class=\"thumb\">\n                <img class=\"lazy\" data-src=\"\/cache\/img\/noticias\/003.sjsj-100x70.jpeg\" alt=\"\" src=\"data:image\/gif;base64,R0lGODlhAQABAAAAACH5BAEKAAEALAAAAAABAAEAAAICTAEAOw==\"><\/a>\n\n            <div class=\"post--info\">\n                <ul class=\"nav meta\">\n                   <!-- <li><a href=\"#\"><\/a><\/li> -->\n                    <li><a href=\"#\">27\/12\/2023<\/a><\/li>\n                <\/ul>\n\n                <div class=\"title\">\n                    <h3 class=\"h4\"><a href=\"\/post\/pl-de-botelho-denomina-unidade-do-real-parque-de-escola-adileia-britto-de-lima\" class=\"btn-link title_box_2_lines\">PL de Botelho denomina unidade do Real Parque de Escola Adil\u00e9ia Britto de Lima<\/a><\/h3>\n                <\/div>\n            <\/div>\n        <\/div>\n    <\/div>\n    <!-- Post Item End -->\n<\/li>\n<li>\n    <!-- Post Item Start -->\n    <div class=\"post--item post--layout-3\">\n        <div class=\"post--img\">\n            <a href=\"\/post\/na-proxima-quarta-feira-5-4-no-sul-de-minas-sera-realizado-um-debate-sobre-o-marketing-na-comercializacao-do-cafe-durante-o-circuito-mineiro-da-cafeicultura\" class=\"thumb\">\n                <img class=\"lazy\" data-src=\"\/cache\/img\/noticias\/1093.minhavida-100x70.jpeg\" alt=\"\" src=\"data:image\/gif;base64,R0lGODlhAQABAAAAACH5BAEKAAEALAAAAAABAAEAAAICTAEAOw==\"><\/a>\n\n            <div class=\"post--info\">\n                <ul class=\"nav meta\">\n                   <!-- <li><a href=\"#\"><\/a><\/li> -->\n                    <li><a href=\"#\">04\/04\/2023<\/a><\/li>\n                <\/ul>\n\n                <div class=\"title\">\n                    <h3 class=\"h4\"><a href=\"\/post\/na-proxima-quarta-feira-5-4-no-sul-de-minas-sera-realizado-um-debate-sobre-o-marketing-na-comercializacao-do-cafe-durante-o-circuito-mineiro-da-cafeicultura\" class=\"btn-link title_box_2_lines\">Na pr\u00f3xima quarta-feira (5\/4), no Sul de Minas, ser\u00e1 realizado um debate sobre o marketing na comercializa\u00e7\u00e3o do caf\u00e9 durante o Circuito Mineiro da Cafeicultura<\/a><\/h3>\n                <\/div>\n            <\/div>\n        <\/div>\n    <\/div>\n    <!-- Post Item End -->\n<\/li>\n<li>\n    <!-- Post Item Start -->\n    <div class=\"post--item post--layout-3\">\n        <div class=\"post--img\">\n            <a href=\"\/post\/em-varzea-grande-secretaria-de-saude-promove-acao-em-comemoracao-ao-dia-do-homem\" class=\"thumb\">\n                <img class=\"lazy\" data-src=\"\/cache\/img\/noticias\/saude.homem.vg-100x70.jpeg\" alt=\"\" src=\"data:image\/gif;base64,R0lGODlhAQABAAAAACH5BAEKAAEALAAAAAABAAEAAAICTAEAOw==\"><\/a>\n\n            <div class=\"post--info\">\n                <ul class=\"nav meta\">\n                   <!-- <li><a href=\"#\"><\/a><\/li> -->\n                    <li><a href=\"#\">16\/07\/2023<\/a><\/li>\n                <\/ul>\n\n                <div class=\"title\">\n                    <h3 class=\"h4\"><a href=\"\/post\/em-varzea-grande-secretaria-de-saude-promove-acao-em-comemoracao-ao-dia-do-homem\" class=\"btn-link title_box_2_lines\">Em V\u00e1rzea Grande secretaria de Sa\u00fade promove a\u00e7\u00e3o em comemora\u00e7\u00e3o ao dia do homem <\/a><\/h3>\n                <\/div>\n            <\/div>\n        <\/div>\n    <\/div>\n    <!-- Post Item End -->\n<\/li>\n","prev_page_url":"\/authors_posts?page=16","next_page_url":"\/authors_posts?page=18"}