{"data":"<li>\n    <!-- Post Item Start -->\n    <div class=\"post--item post--layout-3\">\n        <div class=\"post--img\">\n            <a href=\"\/post\/devido-aos-altos-e-baixos-do-dolar-o-acucar-fecha-em-baixa\" class=\"thumb\">\n                <img class=\"lazy\" data-src=\"\/cache\/img\/noticias\/1684.saudeemdia-100x70.jpg\" alt=\"\" src=\"data:image\/gif;base64,R0lGODlhAQABAAAAACH5BAEKAAEALAAAAAABAAEAAAICTAEAOw==\"><\/a>\n\n            <div class=\"post--info\">\n                <ul class=\"nav meta\">\n                   <!-- <li><a href=\"#\"><\/a><\/li> -->\n                    <li><a href=\"#\">01\/09\/2023<\/a><\/li>\n                <\/ul>\n\n                <div class=\"title\">\n                    <h3 class=\"h4\"><a href=\"\/post\/devido-aos-altos-e-baixos-do-dolar-o-acucar-fecha-em-baixa\" class=\"btn-link title_box_2_lines\">Devido aos altos e baixos do d\u00f3lar o  a\u00e7\u00facar fecha em baixa<\/a><\/h3>\n                <\/div>\n            <\/div>\n        <\/div>\n    <\/div>\n    <!-- Post Item End -->\n<\/li>\n<li>\n    <!-- Post Item Start -->\n    <div class=\"post--item post--layout-3\">\n        <div class=\"post--img\">\n            <a href=\"\/post\/secretario-de-defesa-social-e-comandante-da-gm-avaliam-que-atuacao-do-tripe-engenharia-de-transito-educacao-e-fiscalizacao-motivaram-melhoria-dos-indicadores\" class=\"thumb\">\n                <img class=\"lazy\" data-src=\"\/cache\/img\/noticias\/766.pmvg-100x70.jpg\" alt=\"\" src=\"data:image\/gif;base64,R0lGODlhAQABAAAAACH5BAEKAAEALAAAAAABAAEAAAICTAEAOw==\"><\/a>\n\n            <div class=\"post--info\">\n                <ul class=\"nav meta\">\n                   <!-- <li><a href=\"#\"><\/a><\/li> -->\n                    <li><a href=\"#\">25\/01\/2023<\/a><\/li>\n                <\/ul>\n\n                <div class=\"title\">\n                    <h3 class=\"h4\"><a href=\"\/post\/secretario-de-defesa-social-e-comandante-da-gm-avaliam-que-atuacao-do-tripe-engenharia-de-transito-educacao-e-fiscalizacao-motivaram-melhoria-dos-indicadores\" class=\"btn-link title_box_2_lines\">Secret\u00e1rio de Defesa Social e comandante da GM avaliam que atua\u00e7\u00e3o do trip\u00e9 engenharia de tr\u00e2nsito, educa\u00e7\u00e3o e fiscaliza\u00e7\u00e3o motivaram melhoria dos indicadores<\/a><\/h3>\n                <\/div>\n            <\/div>\n        <\/div>\n    <\/div>\n    <!-- Post Item End -->\n<\/li>\n<li>\n    <!-- Post Item Start -->\n    <div class=\"post--item post--layout-3\">\n        <div class=\"post--img\">\n            <a href=\"\/post\/unidades-basicas-de-saude-de-varzea-grande-iniciam-campanha-de-prevencao\" class=\"thumb\">\n                <img class=\"lazy\" data-src=\"\/cache\/img\/noticias\/879888.vvg-100x70.jpg\" alt=\"\" src=\"data:image\/gif;base64,R0lGODlhAQABAAAAACH5BAEKAAEALAAAAAABAAEAAAICTAEAOw==\"><\/a>\n\n            <div class=\"post--info\">\n                <ul class=\"nav meta\">\n                   <!-- <li><a href=\"#\"><\/a><\/li> -->\n                    <li><a href=\"#\">11\/10\/2023<\/a><\/li>\n                <\/ul>\n\n                <div class=\"title\">\n                    <h3 class=\"h4\"><a href=\"\/post\/unidades-basicas-de-saude-de-varzea-grande-iniciam-campanha-de-prevencao\" class=\"btn-link title_box_2_lines\">Unidades B\u00e1sicas de Sa\u00fade de V\u00e1rzea Grande iniciam campanha de preven\u00e7\u00e3o<\/a><\/h3>\n                <\/div>\n            <\/div>\n        <\/div>\n    <\/div>\n    <!-- Post Item End -->\n<\/li>\n<li>\n    <!-- Post Item Start -->\n    <div class=\"post--item post--layout-3\">\n        <div class=\"post--img\">\n            <a href=\"\/post\/porque-o-preco-da-tarifa-de-energia-nao-baixa-ja-que-o-brasil-produz-muita-energia\" class=\"thumb\">\n                <img class=\"lazy\" data-src=\"\/cache\/img\/noticias\/997.energiainteligente-100x70.jpg\" alt=\"\" src=\"data:image\/gif;base64,R0lGODlhAQABAAAAACH5BAEKAAEALAAAAAABAAEAAAICTAEAOw==\"><\/a>\n\n            <div class=\"post--info\">\n                <ul class=\"nav meta\">\n                   <!-- <li><a href=\"#\"><\/a><\/li> -->\n                    <li><a href=\"#\">17\/03\/2023<\/a><\/li>\n                <\/ul>\n\n                <div class=\"title\">\n                    <h3 class=\"h4\"><a href=\"\/post\/porque-o-preco-da-tarifa-de-energia-nao-baixa-ja-que-o-brasil-produz-muita-energia\" class=\"btn-link title_box_2_lines\">Porque o pre\u00e7o da tarifa de energia n\u00e3o baixa j\u00e1 que o Brasil produz muita energia<\/a><\/h3>\n                <\/div>\n            <\/div>\n        <\/div>\n    <\/div>\n    <!-- Post Item End -->\n<\/li>\n","prev_page_url":"\/authors_posts?page=18","next_page_url":"\/authors_posts?page=20"}