{"data":"<li>\n    <!-- Post Item Start -->\n    <div class=\"post--item post--layout-3\">\n        <div class=\"post--img\">\n            <a href=\"\/post\/botelho-destaca-legado-de-dante-de-oliveira-no-lancamento-do-filme-a-primavera-de-dante\" class=\"thumb\">\n                <img class=\"lazy\" data-src=\"\/cache\/img\/noticias\/088.ghj-100x70.jpeg\" alt=\"\" src=\"data:image\/gif;base64,R0lGODlhAQABAAAAACH5BAEKAAEALAAAAAABAAEAAAICTAEAOw==\"><\/a>\n\n            <div class=\"post--info\">\n                <ul class=\"nav meta\">\n                   <!-- <li><a href=\"#\"><\/a><\/li> -->\n                    <li><a href=\"#\">08\/02\/2024<\/a><\/li>\n                <\/ul>\n\n                <div class=\"title\">\n                    <h3 class=\"h4\"><a href=\"\/post\/botelho-destaca-legado-de-dante-de-oliveira-no-lancamento-do-filme-a-primavera-de-dante\" class=\"btn-link title_box_2_lines\">Botelho destaca legado de Dante de Oliveira no lan\u00e7amento do filme \u201cA Primavera de Dante\u201d<\/a><\/h3>\n                <\/div>\n            <\/div>\n        <\/div>\n    <\/div>\n    <!-- Post Item End -->\n<\/li>\n<li>\n    <!-- Post Item Start -->\n    <div class=\"post--item post--layout-3\">\n        <div class=\"post--img\">\n            <a href=\"\/post\/mauro-mendes-visita-nortao-nesta-2-para-autorizar-obras-de-novo-hospital-aeroporto-e-mais-r-34-milhoes-na-regiao\" class=\"thumb\">\n                <img class=\"lazy\" data-src=\"\/cache\/img\/noticias\/Mauro-Mendes-maio-2020-assessoria-990x556-100x70.jpg\" alt=\"\" src=\"data:image\/gif;base64,R0lGODlhAQABAAAAACH5BAEKAAEALAAAAAABAAEAAAICTAEAOw==\"><\/a>\n\n            <div class=\"post--info\">\n                <ul class=\"nav meta\">\n                   <!-- <li><a href=\"#\"><\/a><\/li> -->\n                    <li><a href=\"#\">09\/05\/2022<\/a><\/li>\n                <\/ul>\n\n                <div class=\"title\">\n                    <h3 class=\"h4\"><a href=\"\/post\/mauro-mendes-visita-nortao-nesta-2-para-autorizar-obras-de-novo-hospital-aeroporto-e-mais-r-34-milhoes-na-regiao\" class=\"btn-link title_box_2_lines\">Mauro Mendes visita Nort\u00e3o nesta 2\u00aa para autorizar obras de novo hospital, aeroporto e mais R$ 34 milh\u00f5es na regi\u00e3o<\/a><\/h3>\n                <\/div>\n            <\/div>\n        <\/div>\n    <\/div>\n    <!-- Post Item End -->\n<\/li>\n<li>\n    <!-- Post Item Start -->\n    <div class=\"post--item post--layout-3\">\n        <div class=\"post--img\">\n            <a href=\"\/post\/congresso-derruba-vetos-do-marco-temporal-e-jayme-campos-celebra-garantia-de-emprego-e-paz-no-campo\" class=\"thumb\">\n                <img class=\"lazy\" data-src=\"\/cache\/img\/noticias\/jayme.congresso-100x70.jpeg\" alt=\"\" src=\"data:image\/gif;base64,R0lGODlhAQABAAAAACH5BAEKAAEALAAAAAABAAEAAAICTAEAOw==\"><\/a>\n\n            <div class=\"post--info\">\n                <ul class=\"nav meta\">\n                   <!-- <li><a href=\"#\"><\/a><\/li> -->\n                    <li><a href=\"#\">14\/12\/2023<\/a><\/li>\n                <\/ul>\n\n                <div class=\"title\">\n                    <h3 class=\"h4\"><a href=\"\/post\/congresso-derruba-vetos-do-marco-temporal-e-jayme-campos-celebra-garantia-de-emprego-e-paz-no-campo\" class=\"btn-link title_box_2_lines\">Congresso derruba Vetos do Marco Temporal e Jayme Campos celebra &quot;Garantia de Emprego e Paz no Campo&quot;<\/a><\/h3>\n                <\/div>\n            <\/div>\n        <\/div>\n    <\/div>\n    <!-- Post Item End -->\n<\/li>\n<li>\n    <!-- Post Item Start -->\n    <div class=\"post--item post--layout-3\">\n        <div class=\"post--img\">\n            <a href=\"\/post\/guerra-contra-os-incendios-criminosos-no-mato-grosso-desafiam-forca-tarefa-e-levam-5-a-prisao\" class=\"thumb\">\n                <img class=\"lazy\" data-src=\"\/cache\/img\/noticias\/incendio.mt-100x70.jpeg\" alt=\"\" src=\"data:image\/gif;base64,R0lGODlhAQABAAAAACH5BAEKAAEALAAAAAABAAEAAAICTAEAOw==\"><\/a>\n\n            <div class=\"post--info\">\n                <ul class=\"nav meta\">\n                   <!-- <li><a href=\"#\"><\/a><\/li> -->\n                    <li><a href=\"#\">06\/08\/2026<\/a><\/li>\n                <\/ul>\n\n                <div class=\"title\">\n                    <h3 class=\"h4\"><a href=\"\/post\/guerra-contra-os-incendios-criminosos-no-mato-grosso-desafiam-forca-tarefa-e-levam-5-a-prisao\" class=\"btn-link title_box_2_lines\">Guerra contra os inc\u00eandios criminosos no Mato Grosso desafiam for\u00e7a-tarefa e levam 5 \u00e0 pris\u00e3o<\/a><\/h3>\n                <\/div>\n            <\/div>\n        <\/div>\n    <\/div>\n    <!-- Post Item End -->\n<\/li>\n","prev_page_url":"\/authors_posts?page=22","next_page_url":"\/authors_posts?page=24"}