{"data":"<li>\n    <!-- Post Item Start -->\n    <div class=\"post--item post--layout-3\">\n        <div class=\"post--img\">\n            <a href=\"\/post\/jayme-campos-critica-empresas-de-transporte-aereo-por-preco-em-passagens-e-pede-fiscalizacao-da-anac-e-procon\" class=\"thumb\">\n                <img class=\"lazy\" data-src=\"\/cache\/img\/noticias\/Jayme Campos.CI-100x70.jpg\" alt=\"\" src=\"data:image\/gif;base64,R0lGODlhAQABAAAAACH5BAEKAAEALAAAAAABAAEAAAICTAEAOw==\"><\/a>\n\n            <div class=\"post--info\">\n                <ul class=\"nav meta\">\n                   <!-- <li><a href=\"#\"><\/a><\/li> -->\n                    <li><a href=\"#\">17\/08\/2022<\/a><\/li>\n                <\/ul>\n\n                <div class=\"title\">\n                    <h3 class=\"h4\"><a href=\"\/post\/jayme-campos-critica-empresas-de-transporte-aereo-por-preco-em-passagens-e-pede-fiscalizacao-da-anac-e-procon\" class=\"btn-link title_box_2_lines\">Jayme Campos critica empresas de transporte a\u00e9reo por pre\u00e7o em passagens e pede fiscaliza\u00e7\u00e3o da Anac e Procon  <\/a><\/h3>\n                <\/div>\n            <\/div>\n        <\/div>\n    <\/div>\n    <!-- Post Item End -->\n<\/li>\n<li>\n    <!-- Post Item Start -->\n    <div class=\"post--item post--layout-3\">\n        <div class=\"post--img\">\n            <a href=\"\/post\/parceria-da-jica-com-o-brasil-para-conversao-de-pastagens-e-renovada-pelo-ministro-favaro\" class=\"thumb\">\n                <img class=\"lazy\" data-src=\"\/cache\/img\/noticias\/1554.govfed-100x70.jpeg\" alt=\"\" src=\"data:image\/gif;base64,R0lGODlhAQABAAAAACH5BAEKAAEALAAAAAABAAEAAAICTAEAOw==\"><\/a>\n\n            <div class=\"post--info\">\n                <ul class=\"nav meta\">\n                   <!-- <li><a href=\"#\"><\/a><\/li> -->\n                    <li><a href=\"#\">31\/07\/2023<\/a><\/li>\n                <\/ul>\n\n                <div class=\"title\">\n                    <h3 class=\"h4\"><a href=\"\/post\/parceria-da-jica-com-o-brasil-para-conversao-de-pastagens-e-renovada-pelo-ministro-favaro\" class=\"btn-link title_box_2_lines\">Parceria da Jica com o Brasil para convers\u00e3o de pastagens \u00e9 renovada pelo Ministro F\u00e1varo<\/a><\/h3>\n                <\/div>\n            <\/div>\n        <\/div>\n    <\/div>\n    <!-- Post Item End -->\n<\/li>\n<li>\n    <!-- Post Item Start -->\n    <div class=\"post--item post--layout-3\">\n        <div class=\"post--img\">\n            <a href=\"\/post\/processo-seletivo-na-prefeitura-de-sorriso-vai-contratar-70-servidores-e-alguns-com-salarios-de-ate-r-9-6-mil\" class=\"thumb\">\n                <img class=\"lazy\" data-src=\"\/cache\/img\/noticias\/313 sorriso-100x70.jpg\" alt=\"\" src=\"data:image\/gif;base64,R0lGODlhAQABAAAAACH5BAEKAAEALAAAAAABAAEAAAICTAEAOw==\"><\/a>\n\n            <div class=\"post--info\">\n                <ul class=\"nav meta\">\n                   <!-- <li><a href=\"#\"><\/a><\/li> -->\n                    <li><a href=\"#\">28\/10\/2022<\/a><\/li>\n                <\/ul>\n\n                <div class=\"title\">\n                    <h3 class=\"h4\"><a href=\"\/post\/processo-seletivo-na-prefeitura-de-sorriso-vai-contratar-70-servidores-e-alguns-com-salarios-de-ate-r-9-6-mil\" class=\"btn-link title_box_2_lines\">Processo seletivo na prefeitura de Sorriso vai contratar 70 servidores e alguns com sal\u00e1rios de at\u00e9 R$ 9,6 mil<\/a><\/h3>\n                <\/div>\n            <\/div>\n        <\/div>\n    <\/div>\n    <!-- Post Item End -->\n<\/li>\n<li>\n    <!-- Post Item Start -->\n    <div class=\"post--item post--layout-3\">\n        <div class=\"post--img\">\n            <a href=\"\/post\/preco-da-soja-no-mato-grosso-em-alta-porem-negocios-se-mantem-estaveis\" class=\"thumb\">\n                <img class=\"lazy\" data-src=\"\/cache\/img\/noticias\/8787878.fb-100x70.jpeg\" alt=\"\" src=\"data:image\/gif;base64,R0lGODlhAQABAAAAACH5BAEKAAEALAAAAAABAAEAAAICTAEAOw==\"><\/a>\n\n            <div class=\"post--info\">\n                <ul class=\"nav meta\">\n                   <!-- <li><a href=\"#\"><\/a><\/li> -->\n                    <li><a href=\"#\">09\/11\/2023<\/a><\/li>\n                <\/ul>\n\n                <div class=\"title\">\n                    <h3 class=\"h4\"><a href=\"\/post\/preco-da-soja-no-mato-grosso-em-alta-porem-negocios-se-mantem-estaveis\" class=\"btn-link title_box_2_lines\">Pre\u00e7o da soja no Mato Grosso em alta porem neg\u00f3cios se mant\u00e9m est\u00e1veis <\/a><\/h3>\n                <\/div>\n            <\/div>\n        <\/div>\n    <\/div>\n    <!-- Post Item End -->\n<\/li>\n","prev_page_url":"\/authors_posts?page=25","next_page_url":"\/authors_posts?page=27"}