{"data":"<li>\n    <!-- Post Item Start -->\n    <div class=\"post--item post--layout-3\">\n        <div class=\"post--img\">\n            <a href=\"\/post\/media-mensal-nos-precos-do-ovo-superam-a-de-setembro\" class=\"thumb\">\n                <img class=\"lazy\" data-src=\"\/cache\/img\/noticias\/1862.uol-100x70.jpeg\" alt=\"\" src=\"data:image\/gif;base64,R0lGODlhAQABAAAAACH5BAEKAAEALAAAAAABAAEAAAICTAEAOw==\"><\/a>\n\n            <div class=\"post--info\">\n                <ul class=\"nav meta\">\n                   <!-- <li><a href=\"#\"><\/a><\/li> -->\n                    <li><a href=\"#\">06\/11\/2023<\/a><\/li>\n                <\/ul>\n\n                <div class=\"title\">\n                    <h3 class=\"h4\"><a href=\"\/post\/media-mensal-nos-precos-do-ovo-superam-a-de-setembro\" class=\"btn-link title_box_2_lines\">M\u00e9dia mensal nos pre\u00e7os do ovo superam a de setembro<\/a><\/h3>\n                <\/div>\n            <\/div>\n        <\/div>\n    <\/div>\n    <!-- Post Item End -->\n<\/li>\n<li>\n    <!-- Post Item Start -->\n    <div class=\"post--item post--layout-3\">\n        <div class=\"post--img\">\n            <a href=\"\/post\/mato-grosso-continua-disparado-na-comercializacao-de-milho-mais-ainda-atrasado-em-relacao-a-outras-colheitas\" class=\"thumb\">\n                <img class=\"lazy\" data-src=\"\/cache\/img\/noticias\/1482.mfrural-100x70.jpg\" alt=\"\" src=\"data:image\/gif;base64,R0lGODlhAQABAAAAACH5BAEKAAEALAAAAAABAAEAAAICTAEAOw==\"><\/a>\n\n            <div class=\"post--info\">\n                <ul class=\"nav meta\">\n                   <!-- <li><a href=\"#\"><\/a><\/li> -->\n                    <li><a href=\"#\">11\/07\/2023<\/a><\/li>\n                <\/ul>\n\n                <div class=\"title\">\n                    <h3 class=\"h4\"><a href=\"\/post\/mato-grosso-continua-disparado-na-comercializacao-de-milho-mais-ainda-atrasado-em-relacao-a-outras-colheitas\" class=\"btn-link title_box_2_lines\">Mato Grosso continua disparado na comercializa\u00e7\u00e3o de milho, mais ainda atrasado em rela\u00e7\u00e3o a outras colheitas <\/a><\/h3>\n                <\/div>\n            <\/div>\n        <\/div>\n    <\/div>\n    <!-- Post Item End -->\n<\/li>\n<li>\n    <!-- Post Item Start -->\n    <div class=\"post--item post--layout-3\">\n        <div class=\"post--img\">\n            <a href=\"\/post\/recuperacao-da-rodovia-sinop-claudia-deve-ser-concluida-em-15-dias-transito-totalmente-interditado\" class=\"thumb\">\n                <img class=\"lazy\" data-src=\"\/cache\/img\/noticias\/Trabalhos-de-recuperac\u0327a\u0303o-pista-rodovia-estadual-Sinop-e-Claudia-3-marc\u0327o-2022-assessoria-990x556-100x70.jpg\" alt=\"\" src=\"data:image\/gif;base64,R0lGODlhAQABAAAAACH5BAEKAAEALAAAAAABAAEAAAICTAEAOw==\"><\/a>\n\n            <div class=\"post--info\">\n                <ul class=\"nav meta\">\n                   <!-- <li><a href=\"#\"><\/a><\/li> -->\n                    <li><a href=\"#\">11\/03\/2022<\/a><\/li>\n                <\/ul>\n\n                <div class=\"title\">\n                    <h3 class=\"h4\"><a href=\"\/post\/recuperacao-da-rodovia-sinop-claudia-deve-ser-concluida-em-15-dias-transito-totalmente-interditado\" class=\"btn-link title_box_2_lines\">Recupera\u00e7\u00e3o da rodovia Sinop-Cl\u00e1udia deve ser conclu\u00edda em 15 dias; tr\u00e2nsito totalmente interditado<\/a><\/h3>\n                <\/div>\n            <\/div>\n        <\/div>\n    <\/div>\n    <!-- Post Item End -->\n<\/li>\n<li>\n    <!-- Post Item Start -->\n    <div class=\"post--item post--layout-3\">\n        <div class=\"post--img\">\n            <a href=\"\/post\/governo-atende-pedido-de-nininho-e-obras-da-mt-373-vai-beneficiar-produtores-e-regiao-turistica-de-juscimeira\" class=\"thumb\">\n                <img class=\"lazy\" data-src=\"\/cache\/img\/noticias\/mt.373-100x70.png\" alt=\"\" src=\"data:image\/gif;base64,R0lGODlhAQABAAAAACH5BAEKAAEALAAAAAABAAEAAAICTAEAOw==\"><\/a>\n\n            <div class=\"post--info\">\n                <ul class=\"nav meta\">\n                   <!-- <li><a href=\"#\"><\/a><\/li> -->\n                    <li><a href=\"#\">21\/03\/2023<\/a><\/li>\n                <\/ul>\n\n                <div class=\"title\">\n                    <h3 class=\"h4\"><a href=\"\/post\/governo-atende-pedido-de-nininho-e-obras-da-mt-373-vai-beneficiar-produtores-e-regiao-turistica-de-juscimeira\" class=\"btn-link title_box_2_lines\">Governo atende pedido de Nininho e obras da MT-373 vai beneficiar produtores e regi\u00e3o tur\u00edstica de Juscimeira <\/a><\/h3>\n                <\/div>\n            <\/div>\n        <\/div>\n    <\/div>\n    <!-- Post Item End -->\n<\/li>\n","prev_page_url":"\/authors_posts?page=433","next_page_url":"\/authors_posts?page=435"}