{"data":"<li>\n    <!-- Post Item Start -->\n    <div class=\"post--item post--layout-3\">\n        <div class=\"post--img\">\n            <a href=\"\/post\/encontro-do-cafe-no-medio-norte-reune-agricultores-e-empresarios-de-sao-paulo-e-minas-gerais\" class=\"thumb\">\n                <img class=\"lazy\" data-src=\"\/cache\/img\/noticias\/cafe-ro-24-100x70.jpg\" alt=\"\" src=\"data:image\/gif;base64,R0lGODlhAQABAAAAACH5BAEKAAEALAAAAAABAAEAAAICTAEAOw==\"><\/a>\n\n            <div class=\"post--info\">\n                <ul class=\"nav meta\">\n                   <!-- <li><a href=\"#\"><\/a><\/li> -->\n                    <li><a href=\"#\">14\/02\/2022<\/a><\/li>\n                <\/ul>\n\n                <div class=\"title\">\n                    <h3 class=\"h4\"><a href=\"\/post\/encontro-do-cafe-no-medio-norte-reune-agricultores-e-empresarios-de-sao-paulo-e-minas-gerais\" class=\"btn-link title_box_2_lines\">Encontro do Caf\u00e9 no M\u00e9dio Norte re\u00fane agricultores e empres\u00e1rios de S\u00e3o Paulo e Minas Gerais<\/a><\/h3>\n                <\/div>\n            <\/div>\n        <\/div>\n    <\/div>\n    <!-- Post Item End -->\n<\/li>\n<li>\n    <!-- Post Item Start -->\n    <div class=\"post--item post--layout-3\">\n        <div class=\"post--img\">\n            <a href=\"\/post\/reuniao-do-forum-agro-mt-contou-com-a-participacao-do-sistema-ocb-mtdia-23-05\" class=\"thumb\">\n                <img class=\"lazy\" data-src=\"\/cache\/img\/noticias\/1309.famato-100x70.jpg\" alt=\"\" src=\"data:image\/gif;base64,R0lGODlhAQABAAAAACH5BAEKAAEALAAAAAABAAEAAAICTAEAOw==\"><\/a>\n\n            <div class=\"post--info\">\n                <ul class=\"nav meta\">\n                   <!-- <li><a href=\"#\"><\/a><\/li> -->\n                    <li><a href=\"#\">25\/05\/2023<\/a><\/li>\n                <\/ul>\n\n                <div class=\"title\">\n                    <h3 class=\"h4\"><a href=\"\/post\/reuniao-do-forum-agro-mt-contou-com-a-participacao-do-sistema-ocb-mtdia-23-05\" class=\"btn-link title_box_2_lines\">Reuni\u00e3o do F\u00f3rum Agro MT, contou com a participa\u00e7\u00e3o do Sistema OCB\/MTdia (23.05) <\/a><\/h3>\n                <\/div>\n            <\/div>\n        <\/div>\n    <\/div>\n    <!-- Post Item End -->\n<\/li>\n<li>\n    <!-- Post Item Start -->\n    <div class=\"post--item post--layout-3\">\n        <div class=\"post--img\">\n            <a href=\"\/post\/em-sorriso-7-presos-e-3-foragidos-em-operacao-contra-quadrilha-em-sorriso-que-movimentou-r-72-milhoes\" class=\"thumb\">\n                <img class=\"lazy\" data-src=\"\/cache\/img\/noticias\/364 so not-100x70.jpg\" alt=\"\" src=\"data:image\/gif;base64,R0lGODlhAQABAAAAACH5BAEKAAEALAAAAAABAAEAAAICTAEAOw==\"><\/a>\n\n            <div class=\"post--info\">\n                <ul class=\"nav meta\">\n                   <!-- <li><a href=\"#\"><\/a><\/li> -->\n                    <li><a href=\"#\">08\/11\/2022<\/a><\/li>\n                <\/ul>\n\n                <div class=\"title\">\n                    <h3 class=\"h4\"><a href=\"\/post\/em-sorriso-7-presos-e-3-foragidos-em-operacao-contra-quadrilha-em-sorriso-que-movimentou-r-72-milhoes\" class=\"btn-link title_box_2_lines\">\u00a8Em Sorriso\u00a8 7 presos e 3 foragidos em opera\u00e7\u00e3o contra quadrilha em Sorriso que movimentou R$ 72 milh\u00f5es <\/a><\/h3>\n                <\/div>\n            <\/div>\n        <\/div>\n    <\/div>\n    <!-- Post Item End -->\n<\/li>\n<li>\n    <!-- Post Item Start -->\n    <div class=\"post--item post--layout-3\">\n        <div class=\"post--img\">\n            <a href=\"\/post\/soja-em-mato-grosso-teve-desvalorizacoes-em-ate-r-2-80-saca\" class=\"thumb\">\n                <img class=\"lazy\" data-src=\"\/cache\/img\/noticias\/1247.dnagro-100x70.jpg\" alt=\"\" src=\"data:image\/gif;base64,R0lGODlhAQABAAAAACH5BAEKAAEALAAAAAABAAEAAAICTAEAOw==\"><\/a>\n\n            <div class=\"post--info\">\n                <ul class=\"nav meta\">\n                   <!-- <li><a href=\"#\"><\/a><\/li> -->\n                    <li><a href=\"#\">30\/01\/2024<\/a><\/li>\n                <\/ul>\n\n                <div class=\"title\">\n                    <h3 class=\"h4\"><a href=\"\/post\/soja-em-mato-grosso-teve-desvalorizacoes-em-ate-r-2-80-saca\" class=\"btn-link title_box_2_lines\">Soja em Mato Grosso teve desvaloriza\u00e7\u00f5es em at\u00e9 R$ 2,80\/saca<\/a><\/h3>\n                <\/div>\n            <\/div>\n        <\/div>\n    <\/div>\n    <!-- Post Item End -->\n<\/li>\n","prev_page_url":"\/authors_posts?page=449","next_page_url":"\/authors_posts?page=451"}