{"data":"<li>\n    <!-- Post Item Start -->\n    <div class=\"post--item post--layout-3\">\n        <div class=\"post--img\">\n            <a href=\"\/post\/no-mato-grosso-preco-do-algodao-em-pluma-cai-3-8-e-do-caroco-tem-pequena-alta\" class=\"thumb\">\n                <img class=\"lazy\" data-src=\"\/cache\/img\/noticias\/5ee8cdc7cf806570ad16ab873e57a0220322d53f5328a-100x70.jpg\" alt=\"\" src=\"data:image\/gif;base64,R0lGODlhAQABAAAAACH5BAEKAAEALAAAAAABAAEAAAICTAEAOw==\"><\/a>\n\n            <div class=\"post--info\">\n                <ul class=\"nav meta\">\n                   <!-- <li><a href=\"#\"><\/a><\/li> -->\n                    <li><a href=\"#\">15\/12\/2023<\/a><\/li>\n                <\/ul>\n\n                <div class=\"title\">\n                    <h3 class=\"h4\"><a href=\"\/post\/no-mato-grosso-preco-do-algodao-em-pluma-cai-3-8-e-do-caroco-tem-pequena-alta\" class=\"btn-link title_box_2_lines\">No Mato Grosso pre\u00e7o do algod\u00e3o em pluma cai 3,8% e do caro\u00e7o tem pequena alta<\/a><\/h3>\n                <\/div>\n            <\/div>\n        <\/div>\n    <\/div>\n    <!-- Post Item End -->\n<\/li>\n<li>\n    <!-- Post Item Start -->\n    <div class=\"post--item post--layout-3\">\n        <div class=\"post--img\">\n            <a href=\"\/post\/estao-sendo-oferta70das-vagas-de-empregos-com-salarios-de-ate-r-3-mil-por-empresas-em-lucas-do-rio-verde\" class=\"thumb\">\n                <img class=\"lazy\" data-src=\"\/cache\/img\/noticias\/854.viasulengenharia-100x70.jpeg\" alt=\"\" src=\"data:image\/gif;base64,R0lGODlhAQABAAAAACH5BAEKAAEALAAAAAABAAEAAAICTAEAOw==\"><\/a>\n\n            <div class=\"post--info\">\n                <ul class=\"nav meta\">\n                   <!-- <li><a href=\"#\"><\/a><\/li> -->\n                    <li><a href=\"#\">14\/02\/2023<\/a><\/li>\n                <\/ul>\n\n                <div class=\"title\">\n                    <h3 class=\"h4\"><a href=\"\/post\/estao-sendo-oferta70das-vagas-de-empregos-com-salarios-de-ate-r-3-mil-por-empresas-em-lucas-do-rio-verde\" class=\"btn-link title_box_2_lines\">Est\u00e3o sendo oferta70das  vagas de empregos com sal\u00e1rios de at\u00e9 R$ 3 mil por empresas em Lucas do Rio Verde<\/a><\/h3>\n                <\/div>\n            <\/div>\n        <\/div>\n    <\/div>\n    <!-- Post Item End -->\n<\/li>\n<li>\n    <!-- Post Item Start -->\n    <div class=\"post--item post--layout-3\">\n        <div class=\"post--img\">\n            <a href=\"\/post\/ministra-diz-que-brasil-tem-fertilizantes-suficientes-ate-o-inicio-da-proxima-safra-em-outubro\" class=\"thumb\">\n                <img class=\"lazy\" data-src=\"\/cache\/img\/noticias\/Tereza Cristina coletiva-100x70.jpeg\" alt=\"\" src=\"data:image\/gif;base64,R0lGODlhAQABAAAAACH5BAEKAAEALAAAAAABAAEAAAICTAEAOw==\"><\/a>\n\n            <div class=\"post--info\">\n                <ul class=\"nav meta\">\n                   <!-- <li><a href=\"#\"><\/a><\/li> -->\n                    <li><a href=\"#\">03\/03\/2022<\/a><\/li>\n                <\/ul>\n\n                <div class=\"title\">\n                    <h3 class=\"h4\"><a href=\"\/post\/ministra-diz-que-brasil-tem-fertilizantes-suficientes-ate-o-inicio-da-proxima-safra-em-outubro\" class=\"btn-link title_box_2_lines\">Ministra diz que Brasil tem fertilizantes suficientes at\u00e9 o in\u00edcio da pr\u00f3xima safra, em outubro<\/a><\/h3>\n                <\/div>\n            <\/div>\n        <\/div>\n    <\/div>\n    <!-- Post Item End -->\n<\/li>\n<li>\n    <!-- Post Item Start -->\n    <div class=\"post--item post--layout-3\">\n        <div class=\"post--img\">\n            <a href=\"\/post\/associacao-de-girolando-tera-eleicao-nesta-terca-feira-18\" class=\"thumb\">\n                <img class=\"lazy\" data-src=\"\/cache\/img\/noticias\/243 Agronews-100x70.jpg\" alt=\"\" src=\"data:image\/gif;base64,R0lGODlhAQABAAAAACH5BAEKAAEALAAAAAABAAEAAAICTAEAOw==\"><\/a>\n\n            <div class=\"post--info\">\n                <ul class=\"nav meta\">\n                   <!-- <li><a href=\"#\"><\/a><\/li> -->\n                    <li><a href=\"#\">18\/10\/2022<\/a><\/li>\n                <\/ul>\n\n                <div class=\"title\">\n                    <h3 class=\"h4\"><a href=\"\/post\/associacao-de-girolando-tera-eleicao-nesta-terca-feira-18\" class=\"btn-link title_box_2_lines\">Associa\u00e7\u00e3o de Girolando ter\u00e1 elei\u00e7\u00e3o nesta ter\u00e7a-feira (18)<\/a><\/h3>\n                <\/div>\n            <\/div>\n        <\/div>\n    <\/div>\n    <!-- Post Item End -->\n<\/li>\n","prev_page_url":"\/authors_posts?page=453","next_page_url":"\/authors_posts?page=455"}