{"data":"<li>\n    <!-- Post Item Start -->\n    <div class=\"post--item post--layout-3\">\n        <div class=\"post--img\">\n            <a href=\"\/post\/agricultores-ampliam-o-cultivo-de-maracuja-e-garantem-abastecimento-em-meio-a-pandemia\" class=\"thumb\">\n                <img class=\"lazy\" data-src=\"\/cache\/img\/noticias\/Agricultores ampliam o cultivo de maracuj\u00e1 e garantem abastecimento em meio \u00e0 pandemia 1-100x70.jpg\" alt=\"\" src=\"data:image\/gif;base64,R0lGODlhAQABAAAAACH5BAEKAAEALAAAAAABAAEAAAICTAEAOw==\"><\/a>\n\n            <div class=\"post--info\">\n                <ul class=\"nav meta\">\n                   <!-- <li><a href=\"#\"><\/a><\/li> -->\n                    <li><a href=\"#\">16\/04\/2020<\/a><\/li>\n                <\/ul>\n\n                <div class=\"title\">\n                    <h3 class=\"h4\"><a href=\"\/post\/agricultores-ampliam-o-cultivo-de-maracuja-e-garantem-abastecimento-em-meio-a-pandemia\" class=\"btn-link title_box_2_lines\">Agricultores ampliam o cultivo de maracuj\u00e1 e garantem abastecimento em meio \u00e0 pandemia<\/a><\/h3>\n                <\/div>\n            <\/div>\n        <\/div>\n    <\/div>\n    <!-- Post Item End -->\n<\/li>\n<li>\n    <!-- Post Item Start -->\n    <div class=\"post--item post--layout-3\">\n        <div class=\"post--img\">\n            <a href=\"\/post\/precos-atuais-do-boi-e-vaca-em-mato-grosso-sao-os-melhores-dos-ultimos-3-anos\" class=\"thumb\">\n                <img class=\"lazy\" data-src=\"\/cache\/img\/noticias\/Gado-boi-vaca-25-maio-2020-assessoria-990x556-100x70.jpg\" alt=\"\" src=\"data:image\/gif;base64,R0lGODlhAQABAAAAACH5BAEKAAEALAAAAAABAAEAAAICTAEAOw==\"><\/a>\n\n            <div class=\"post--info\">\n                <ul class=\"nav meta\">\n                   <!-- <li><a href=\"#\"><\/a><\/li> -->\n                    <li><a href=\"#\">08\/09\/2020<\/a><\/li>\n                <\/ul>\n\n                <div class=\"title\">\n                    <h3 class=\"h4\"><a href=\"\/post\/precos-atuais-do-boi-e-vaca-em-mato-grosso-sao-os-melhores-dos-ultimos-3-anos\" class=\"btn-link title_box_2_lines\">Pre\u00e7os atuais do boi e vaca em Mato Grosso s\u00e3o os melhores dos \u00faltimos 3 anos<\/a><\/h3>\n                <\/div>\n            <\/div>\n        <\/div>\n    <\/div>\n    <!-- Post Item End -->\n<\/li>\n<li>\n    <!-- Post Item Start -->\n    <div class=\"post--item post--layout-3\">\n        <div class=\"post--img\">\n            <a href=\"\/post\/no-mato-grosso-indea-aumenta-fiscalizacao-apos-1-caso-de-gripe-aviaria-no-brasil\" class=\"thumb\">\n                <img class=\"lazy\" data-src=\"\/cache\/img\/noticias\/aves.influenza-100x70.jpeg\" alt=\"\" src=\"data:image\/gif;base64,R0lGODlhAQABAAAAACH5BAEKAAEALAAAAAABAAEAAAICTAEAOw==\"><\/a>\n\n            <div class=\"post--info\">\n                <ul class=\"nav meta\">\n                   <!-- <li><a href=\"#\"><\/a><\/li> -->\n                    <li><a href=\"#\">26\/05\/2025<\/a><\/li>\n                <\/ul>\n\n                <div class=\"title\">\n                    <h3 class=\"h4\"><a href=\"\/post\/no-mato-grosso-indea-aumenta-fiscalizacao-apos-1-caso-de-gripe-aviaria-no-brasil\" class=\"btn-link title_box_2_lines\">No Mato Grosso INDEA aumenta fiscaliza\u00e7\u00e3o ap\u00f3s 1\u00ba caso de gripe avi\u00e1ria no Brasil<\/a><\/h3>\n                <\/div>\n            <\/div>\n        <\/div>\n    <\/div>\n    <!-- Post Item End -->\n<\/li>\n<li>\n    <!-- Post Item Start -->\n    <div class=\"post--item post--layout-3\">\n        <div class=\"post--img\">\n            <a href=\"\/post\/milho-exportacao-segue-com-negocios-em-baixa\" class=\"thumb\">\n                <img class=\"lazy\" data-src=\"\/cache\/img\/noticias\/1025.fiesp-100x70.jpeg\" alt=\"\" src=\"data:image\/gif;base64,R0lGODlhAQABAAAAACH5BAEKAAEALAAAAAABAAEAAAICTAEAOw==\"><\/a>\n\n            <div class=\"post--info\">\n                <ul class=\"nav meta\">\n                   <!-- <li><a href=\"#\"><\/a><\/li> -->\n                    <li><a href=\"#\">06\/12\/2023<\/a><\/li>\n                <\/ul>\n\n                <div class=\"title\">\n                    <h3 class=\"h4\"><a href=\"\/post\/milho-exportacao-segue-com-negocios-em-baixa\" class=\"btn-link title_box_2_lines\">Milho exporta\u00e7\u00e3o segue com neg\u00f3cios em baixa <\/a><\/h3>\n                <\/div>\n            <\/div>\n        <\/div>\n    <\/div>\n    <!-- Post Item End -->\n<\/li>\n","prev_page_url":"\/authors_posts?page=7","next_page_url":"\/authors_posts?page=9"}